{"id":980,"date":"2023-04-21T20:28:45","date_gmt":"2023-04-21T18:28:45","guid":{"rendered":"https:\/\/wienmitwienerin.com\/ce-quil-faut-savoir-sur-le-cafe-viennois\/"},"modified":"2023-11-08T10:47:51","modified_gmt":"2023-11-08T09:47:51","slug":"ce-quil-faut-savoir-sur-le-cafe-viennois","status":"publish","type":"post","link":"https:\/\/wienmitwienerin.com\/fr\/ce-quil-faut-savoir-sur-le-cafe-viennois\/","title":{"rendered":"Ce qu&rsquo;il faut savoir sur le caf\u00e9 viennois"},"content":{"rendered":"<p><div class=\"fusion-fullwidth fullwidth-box fusion-builder-row-1 fusion-flex-container has-pattern-background has-mask-background nonhundred-percent-fullwidth non-hundred-percent-height-scrolling\" style=\"--awb-border-radius-top-left:0px;--awb-border-radius-top-right:0px;--awb-border-radius-bottom-right:0px;--awb-border-radius-bottom-left:0px;--awb-padding-top:6vw;--awb-flex-wrap:wrap;\" ><div class=\"fusion-builder-row fusion-row fusion-flex-align-items-flex-start fusion-flex-content-wrap\" style=\"max-width:1248px;margin-left: calc(-4% \/ 2 );margin-right: calc(-4% \/ 2 );\"><div class=\"fusion-layout-column fusion_builder_column fusion-builder-column-0 fusion_builder_column_1_1 1_1 fusion-flex-column\" style=\"--awb-bg-size:cover;--awb-width-large:100%;--awb-margin-top-large:0px;--awb-spacing-right-large:1.92%;--awb-margin-bottom-large:20px;--awb-spacing-left-large:1.92%;--awb-width-medium:100%;--awb-order-medium:0;--awb-spacing-right-medium:1.92%;--awb-spacing-left-medium:1.92%;--awb-width-small:100%;--awb-order-small:0;--awb-spacing-right-small:1.92%;--awb-spacing-left-small:1.92%;\"><div class=\"fusion-column-wrapper fusion-column-has-shadow fusion-flex-justify-content-flex-start fusion-content-layout-column\"><div class=\"fusion-title title fusion-title-1 fusion-sep-none fusion-title-text fusion-title-size-one\"><h1 class=\"fusion-title-heading title-heading-left\" style=\"margin:0;\">Un caf\u00e9, s&rsquo;il vous pla\u00eet !<\/h1><\/div><\/div><\/div><\/div><\/div><div class=\"fusion-fullwidth fullwidth-box fusion-builder-row-2 fusion-flex-container has-pattern-background has-mask-background nonhundred-percent-fullwidth non-hundred-percent-height-scrolling\" style=\"--awb-border-radius-top-left:0px;--awb-border-radius-top-right:0px;--awb-border-radius-bottom-right:0px;--awb-border-radius-bottom-left:0px;--awb-padding-top:3vw;--awb-padding-right:3vw;--awb-padding-bottom:3vw;--awb-padding-left:3vw;--awb-padding-top-small:2vw;--awb-padding-right-small:2vw;--awb-padding-bottom-small:2vw;--awb-padding-left-small:2vw;--awb-flex-wrap:wrap;\" ><div class=\"fusion-builder-row fusion-row fusion-flex-align-items-flex-start fusion-flex-content-wrap\" style=\"max-width:1248px;margin-left: calc(-4% \/ 2 );margin-right: calc(-4% \/ 2 );\"><div class=\"fusion-layout-column fusion_builder_column fusion-builder-column-1 fusion_builder_column_1_1 1_1 fusion-flex-column\" style=\"--awb-bg-size:cover;--awb-width-large:100%;--awb-margin-top-large:0px;--awb-spacing-right-large:1.92%;--awb-margin-bottom-large:20px;--awb-spacing-left-large:1.92%;--awb-width-medium:100%;--awb-order-medium:0;--awb-spacing-right-medium:1.92%;--awb-spacing-left-medium:1.92%;--awb-width-small:100%;--awb-order-small:0;--awb-spacing-right-small:1.92%;--awb-spacing-left-small:1.92%;\"><div class=\"fusion-column-wrapper fusion-column-has-shadow fusion-flex-justify-content-flex-start fusion-content-layout-column\"><div class=\"fusion-text fusion-text-1\"><p>C\u2019est la commande \u00e0 laquelle un serveur et une serveuse d\u2019un caf\u00e9 viennois vont certainement 1. lever au moins un sourcil et 2. demander ce que c&rsquo;est que ce caf\u00e9, s&rsquo;il vous pla\u00eet&#8230;. Car \u00e0 Vienne, nous ne commandons pas simplement un caf\u00e9, mais la mani\u00e8re exacte dont nous voulons qu&rsquo;il soit pr\u00e9par\u00e9.<\/p>\n<p>Il y a comme base le <strong>petit et le grand noir ou brun<\/strong> &#8211; du moka pur sans ou avec du lait en petite ou grande quantit\u00e9. La variante la plus populaire avec du lait est le m\u00e9lange <strong>,<\/strong> dans lequel le caf\u00e9 et le lait sont m\u00e9lang\u00e9s \u00e0 parts \u00e9gales, souvent avec de la mousse de lait sur le dessus. Le <strong>Franziskaner<\/strong> est un m\u00e9lange tr\u00e8s clair avec de la cr\u00e8me fouett\u00e9e et des p\u00e9pites de chocolat, le Kapuziner est un caf\u00e9 noir avec quelques gouttes de cr\u00e8me fouett\u00e9e qui donne au caf\u00e9 la couleur de la robe du capucin. Un capucin n&rsquo;a donc pas grand-chose en commun avec un<strong> cappuccino<\/strong> (expresso avec du lait et de la mousse de lait), que tu peux bien s\u00fbr commander \u00e0 Vienne, m\u00eame s&rsquo;il n&rsquo;est pas n\u00e9 \u00e0 Vienne.<\/p>\n<p>J&rsquo;ai toujours trouv\u00e9 le <strong>Einsp\u00e4nner<\/strong>, que ma grand-m\u00e8re buvait parfois, particuli\u00e8rement int\u00e9ressant : il est servi dans un verre avec une anse et se compose de caf\u00e9 noir surmont\u00e9 d\u2019une couche de cr\u00e8me fouett\u00e9e. Le tout est servi avec du sucre en poudre, saupoudr\u00e9 sur la cr\u00e8me fouett\u00e9e. On ne remue pas le caf\u00e9, mail il est bu \u00e0 travers la couche de cr\u00e8me. Il tire son nom des cal\u00e8ches \u00e0 un cheval. Les cochers tenaient le verre d\u2019une main et les r\u00eanes de l\u2019autre, la cr\u00e8me gardait le caf\u00e9 au chaud qui \u00e9tait bu pendant la pause entre deux charret\u00e9es. \u00c0 travers le verre, les passagers pouvaient voir qui avait presque termin\u00e9 sa pause et choisir ensuite un cocher.<\/p>\n<p>Le \u00ab\u00a0\u00dcberst\u00fcrzte Neumann\u00a0\u00bb, dont parle Friedrich Torberg dans son \u00ab\u00a0Traktat \u00fcber das Wiener Kaffeehaus\u00a0\u00bb (Trait\u00e9 sur le caf\u00e9 viennois), a atteint les honneurs de la litt\u00e9rature. Il s&rsquo;agit d&rsquo;une sp\u00e9cialit\u00e9 de caf\u00e9 renvers\u00e9e, dans laquelle la cr\u00e8me fouett\u00e9e est d&rsquo;abord plac\u00e9e au fond du bol encore vide, puis \u00ab\u00a0recouverte\u00a0\u00bb de caf\u00e9 chaud. Par souci d&rsquo;honn\u00eatet\u00e9, sache que tous les caf\u00e9s ne proposent pas toutes ces variantes. Si tu en trouves un : go\u00fbte-le !<\/p>\n<\/div><\/div><\/div><\/div><\/div><div class=\"fusion-fullwidth fullwidth-box fusion-builder-row-3 fusion-flex-container has-pattern-background has-mask-background nonhundred-percent-fullwidth non-hundred-percent-height-scrolling\" style=\"--awb-border-sizes-top:0.5px;--awb-border-sizes-bottom:0.5px;--awb-border-sizes-left:0.5px;--awb-border-sizes-right:0.5px;--awb-border-color:var(--awb-color6);--awb-border-radius-top-left:0px;--awb-border-radius-top-right:0px;--awb-border-radius-bottom-right:0px;--awb-border-radius-bottom-left:0px;--awb-padding-top:3vw;--awb-padding-right:3vw;--awb-padding-bottom:3vw;--awb-padding-left:3vw;--awb-padding-top-small:2vw;--awb-padding-right-small:3vw;--awb-padding-bottom-small:2vw;--awb-padding-left-small:3vw;--awb-background-color:var(--awb-color1);--awb-flex-wrap:wrap;\" ><div class=\"fusion-builder-row fusion-row fusion-flex-align-items-flex-start fusion-flex-content-wrap\" style=\"max-width:1248px;margin-left: calc(-4% \/ 2 );margin-right: calc(-4% \/ 2 );\"><div class=\"fusion-layout-column fusion_builder_column fusion-builder-column-2 fusion_builder_column_1_1 1_1 fusion-flex-column\" style=\"--awb-bg-size:cover;--awb-width-large:100%;--awb-margin-top-large:0px;--awb-spacing-right-large:1.92%;--awb-margin-bottom-large:20px;--awb-spacing-left-large:1.92%;--awb-width-medium:100%;--awb-order-medium:0;--awb-spacing-right-medium:1.92%;--awb-spacing-left-medium:1.92%;--awb-width-small:100%;--awb-order-small:0;--awb-spacing-right-small:1.92%;--awb-spacing-left-small:1.92%;\"><div class=\"fusion-column-wrapper fusion-column-has-shadow fusion-flex-justify-content-flex-start fusion-content-layout-column\"><div class=\"fusion-title title fusion-title-2 fusion-sep-none fusion-title-text fusion-title-size-three\"><h3 class=\"fusion-title-heading title-heading-left\" style=\"font-family:&quot;Amiri&quot;;font-style:normal;font-weight:400;margin:0;\"><strong>Litt\u00e9rature et caf\u00e9<\/strong><\/h3><\/div><div class=\"fusion-text fusion-text-2\"><p>De nombreux livres ont \u00e9t\u00e9 \u00e9crits sur l&rsquo;histoire de la litt\u00e9rature des caf\u00e9s viennois, auxquels nous ne voulons pas faire concurrence ici. Si tu veux te faire une id\u00e9e du lien qui existe entre l&rsquo;art et les caf\u00e9s et l&rsquo;art de vivre viennois, et surtout qui existait autrefois, tu trouveras ici une bonne et agr\u00e9able premi\u00e8re impression : <a href=\"https:\/\/www.oepb.at\/allerlei\/friedrich-torberg-traktat-ueber-das-wiener-kaffeehaus.html\">Friedrich Torberg, Trait\u00e9 sur les caf\u00e9s<\/a><\/p>\n<\/div><\/div><\/div><\/div><\/div><div class=\"fusion-fullwidth fullwidth-box fusion-builder-row-4 fusion-flex-container has-pattern-background has-mask-background nonhundred-percent-fullwidth non-hundred-percent-height-scrolling\" style=\"--awb-border-radius-top-left:0px;--awb-border-radius-top-right:0px;--awb-border-radius-bottom-right:0px;--awb-border-radius-bottom-left:0px;--awb-padding-top:3vw;--awb-padding-right:3vw;--awb-padding-bottom:3vw;--awb-padding-left:3vw;--awb-padding-top-small:2vw;--awb-padding-right-small:3vw;--awb-padding-bottom-small:2vw;--awb-padding-left-small:3vw;--awb-margin-top:40px;--awb-background-color:rgba(129,149,163,0.22);--awb-flex-wrap:wrap;\" ><div class=\"fusion-builder-row fusion-row fusion-flex-align-items-flex-start fusion-flex-content-wrap\" style=\"max-width:1248px;margin-left: calc(-4% \/ 2 );margin-right: calc(-4% \/ 2 );\"><div class=\"fusion-layout-column fusion_builder_column fusion-builder-column-3 fusion_builder_column_1_1 1_1 fusion-flex-column\" style=\"--awb-bg-size:cover;--awb-width-large:100%;--awb-margin-top-large:0px;--awb-spacing-right-large:1.92%;--awb-margin-bottom-large:20px;--awb-spacing-left-large:1.92%;--awb-width-medium:100%;--awb-order-medium:0;--awb-spacing-right-medium:1.92%;--awb-spacing-left-medium:1.92%;--awb-width-small:100%;--awb-order-small:0;--awb-spacing-right-small:1.92%;--awb-spacing-left-small:1.92%;\"><div class=\"fusion-column-wrapper fusion-column-has-shadow fusion-flex-justify-content-flex-start fusion-content-layout-column\"><div class=\"fusion-title title fusion-title-3 fusion-sep-none fusion-title-text fusion-title-size-three\"><h3 class=\"fusion-title-heading title-heading-left\" style=\"font-family:&quot;Amiri&quot;;font-style:normal;font-weight:400;margin:0;\"><strong>Petit d\u00e9jeuner au caf\u00e9<\/strong><\/h3><\/div><div class=\"fusion-text fusion-text-3\"><p>Prendre son premier repas de la journ\u00e9e dans un caf\u00e9 est l&rsquo;une des passions de nombreux Viennois*. De nos jours, on trouve presque partout une offre tr\u00e8s diversifi\u00e9e allant du muesli aux fruits frais au saumon au raifort. Le <strong>petit d\u00e9jeuner classique des caf\u00e9s viennois<\/strong> se compose toutefois d&rsquo;\u00e9l\u00e9ments plus simples : <strong>Des \u0153ufs en pot, tartines au beurre et des croissants<\/strong>, \u00e9ventuellement compl\u00e9t\u00e9s par un peu de confiture ou de miel. Accompagn\u00e9 d&rsquo;un caf\u00e9 ou d&rsquo;un th\u00e9 au choix, et pour les enfants, volontiers d&rsquo;un chocolat chaud. Si l&rsquo;on veut quelque chose de plus consistant, on peut aussi envisager un plat d&rsquo;\u0153ufs (brouill\u00e9s) compos\u00e9 de deux ou trois \u0153ufs. En plus, les journaux du jour et beaucoup de temps libre pour la lecture. C&rsquo;est ainsi que commence une journ\u00e9e parfaite \u00e0 Vienne.<\/p>\n<\/div><\/div><\/div><\/div><\/div><div class=\"fusion-fullwidth fullwidth-box fusion-builder-row-5 fusion-flex-container has-pattern-background has-mask-background nonhundred-percent-fullwidth non-hundred-percent-height-scrolling\" style=\"--awb-border-radius-top-left:0px;--awb-border-radius-top-right:0px;--awb-border-radius-bottom-right:0px;--awb-border-radius-bottom-left:0px;--awb-padding-top:3vw;--awb-padding-right:3vw;--awb-padding-bottom:3vw;--awb-padding-left:3vw;--awb-padding-top-small:2vw;--awb-padding-right-small:3vw;--awb-padding-bottom-small:2vw;--awb-padding-left-small:3vw;--awb-margin-top:40px;--awb-background-color:rgba(184,122,127,0.2);--awb-flex-wrap:wrap;\" ><div class=\"fusion-builder-row fusion-row fusion-flex-align-items-flex-start fusion-flex-content-wrap\" style=\"max-width:1248px;margin-left: calc(-4% \/ 2 );margin-right: calc(-4% \/ 2 );\"><div class=\"fusion-layout-column fusion_builder_column fusion-builder-column-4 fusion_builder_column_1_1 1_1 fusion-flex-column\" style=\"--awb-bg-size:cover;--awb-width-large:100%;--awb-margin-top-large:0px;--awb-spacing-right-large:1.92%;--awb-margin-bottom-large:20px;--awb-spacing-left-large:1.92%;--awb-width-medium:100%;--awb-order-medium:0;--awb-spacing-right-medium:1.92%;--awb-spacing-left-medium:1.92%;--awb-width-small:100%;--awb-order-small:0;--awb-spacing-right-small:1.92%;--awb-spacing-left-small:1.92%;\"><div class=\"fusion-column-wrapper fusion-column-has-shadow fusion-flex-justify-content-flex-start fusion-content-layout-column\"><div class=\"fusion-title title fusion-title-4 fusion-sep-none fusion-title-text fusion-title-size-three\"><h3 class=\"fusion-title-heading title-heading-left\" style=\"font-family:&quot;Amiri&quot;;font-style:normal;font-weight:400;margin:0;\"><strong>Soda Citron et Obi Spritz<\/strong><\/h3><\/div><div class=\"fusion-text fusion-text-4\"><p>Le caf\u00e9 n&rsquo;est pas toujours souhait\u00e9 et, surtout par une chaude journ\u00e9e, tu auras peut-\u00eatre envie d&rsquo;\u00e9tancher ta soif avec une boisson fra\u00eeche. Bien s\u00fbr, tu trouveras dans les caf\u00e9s les boissons non alcoolis\u00e9es typiques ainsi que la Coca, et souvent de tr\u00e8s bonnes limonades faites maison. Deux classiques pour se rafraichir sont en tout cas <strong>Soda Zitron<\/strong> \u2013 de l\u2019eau gazeuse avec un peu de jus de citron frais \u2013 et <strong>Obi gespritzt<\/strong> \u2013 du jus de pomme et de l\u2019eau gazeuse m\u00e9lang\u00e9s \u00e0 parts \u00e9gales. Le fait qu&rsquo;\u00e0 Vienne nous disions Obi pour le jus de pomme vient d&rsquo;un nom de marque connu depuis le d\u00e9but du 20e si\u00e8cle. Originaire de Suisse, \u00ab\u00a0Obi\u00a0\u00bb est rest\u00e9 synonyme de jus de pomme jusqu&rsquo;\u00e0 aujourd&rsquo;hui, en particulier en Autriche.<\/p>\n<\/div><\/div><\/div><\/div><\/div><div class=\"fusion-fullwidth fullwidth-box fusion-builder-row-6 fusion-flex-container has-pattern-background has-mask-background nonhundred-percent-fullwidth non-hundred-percent-height-scrolling\" style=\"--awb-border-radius-top-left:0px;--awb-border-radius-top-right:0px;--awb-border-radius-bottom-right:0px;--awb-border-radius-bottom-left:0px;--awb-padding-top:3vw;--awb-padding-right:3vw;--awb-padding-bottom:3vw;--awb-padding-left:3vw;--awb-padding-top-small:2vw;--awb-padding-right-small:3vw;--awb-padding-bottom-small:2vw;--awb-padding-left-small:3vw;--awb-margin-top:40px;--awb-background-color:var(--awb-color3);--awb-flex-wrap:wrap;\" ><div class=\"fusion-builder-row fusion-row fusion-flex-align-items-flex-start fusion-flex-content-wrap\" style=\"max-width:1248px;margin-left: calc(-4% \/ 2 );margin-right: calc(-4% \/ 2 );\"><div class=\"fusion-layout-column fusion_builder_column fusion-builder-column-5 fusion_builder_column_1_1 1_1 fusion-flex-column\" style=\"--awb-bg-size:cover;--awb-width-large:100%;--awb-margin-top-large:0px;--awb-spacing-right-large:1.92%;--awb-margin-bottom-large:20px;--awb-spacing-left-large:1.92%;--awb-width-medium:100%;--awb-order-medium:0;--awb-spacing-right-medium:1.92%;--awb-spacing-left-medium:1.92%;--awb-width-small:100%;--awb-order-small:0;--awb-spacing-right-small:1.92%;--awb-spacing-left-small:1.92%;\"><div class=\"fusion-column-wrapper fusion-column-has-shadow fusion-flex-justify-content-flex-start fusion-content-layout-column\"><div class=\"fusion-title title fusion-title-5 fusion-sep-none fusion-title-text fusion-title-size-three\"><h3 class=\"fusion-title-heading title-heading-left\" style=\"font-family:&quot;Amiri&quot;;font-style:normal;font-weight:400;margin:0;\"><strong>Le go\u00fbter &#8211; jamais sans g\u00e2teau<\/strong><\/h3><\/div><div class=\"fusion-text fusion-text-5\"><p>L\u2019apr\u00e8s-midi, le niveau d\u2019\u00e9nergie des <strong>Viennois<\/strong> chute souvent rapidement et exige des rafraichissements sous forme d\u2019une collation, ce que nous entendons par caf\u00e9 et quelques sucreries. Un \u00ab <strong>Mehlspeis<\/strong> \u00bb (quelque chose \u00e0 la base de farine) qui accompagne un caf\u00e9 peut \u00eatre <strong>une tarte<\/strong> ou <strong>un g\u00e2teau<\/strong>, un <strong>Topfengolatsche<\/strong> ou un <strong>Nussbeugel<\/strong>, un <strong>Punschkrapferl<\/strong> ou un <strong>Gugelhupf<\/strong>. Les d\u00e9lices de la <strong>cuisine viennoise \u00e0 base de farine<\/strong> (ailleurs, on parlerait de p\u00e2tisserie, mais d&rsquo;une certaine mani\u00e8re, cela sonne trop d\u00e9licat) sont presque innombrables.Dans les <strong>caf\u00e9s<\/strong>, tu trouveras g\u00e9n\u00e9ralement une vitrine o\u00f9 sont expos\u00e9es les p\u00e2tisseries. Le mieux est de demander aux serveurs* ce que tu y vois exactement et de te faire recommander quelque chose. Les classiques<strong> sont Sachertorte, strudel aux pommes<\/strong> et tu trouveras presque partout des strudels au fromage blanc et des milefeuill (Cremeschnitte). Avec la Sachertorte, on te recommandera de la cr\u00e8me fouett\u00e9e \u2013 c\u2019est un bon conseil. Ma grand-m\u00e8re n\u2019aurait jamais servi de cr\u00e8me fouett\u00e9e, de sauce \u00e0 la vanille et de glace \u00e0 la vanille avec un strudel aux pommes, mais en fait, les trois variantes sont d\u00e9licieuses. La sauce vanille avec les Buchteln est en tout cas un classique. <\/p>\n<\/div><\/div><\/div><\/div><\/div><div class=\"fusion-fullwidth fullwidth-box fusion-builder-row-7 fusion-flex-container has-pattern-background has-mask-background fusion-parallax-none nonhundred-percent-fullwidth non-hundred-percent-height-scrolling\" style=\"--awb-border-radius-top-left:0px;--awb-border-radius-top-right:0px;--awb-border-radius-bottom-right:0px;--awb-border-radius-bottom-left:0px;--awb-padding-top:3vw;--awb-padding-right:3vw;--awb-padding-bottom:3vw;--awb-padding-left:3vw;--awb-padding-top-small:2vw;--awb-padding-right-small:3vw;--awb-padding-bottom-small:2vw;--awb-padding-left-small:3vw;--awb-margin-top:40px;--awb-background-color:var(--awb-color3);--awb-background-image:url(&quot;https:\/\/wienmitwienerin.com\/wp-content\/uploads\/2023\/03\/HG_Kaffehaus.jpg&quot;);--awb-background-size:cover;--awb-flex-wrap:wrap;\" ><div class=\"fusion-builder-row fusion-row fusion-flex-align-items-flex-start fusion-flex-content-wrap\" style=\"max-width:1248px;margin-left: calc(-4% \/ 2 );margin-right: calc(-4% \/ 2 );\"><div class=\"fusion-layout-column fusion_builder_column fusion-builder-column-6 fusion_builder_column_1_1 1_1 fusion-flex-column\" style=\"--awb-bg-size:cover;--awb-width-large:100%;--awb-margin-top-large:0px;--awb-spacing-right-large:1.92%;--awb-margin-bottom-large:20px;--awb-spacing-left-large:1.92%;--awb-width-medium:100%;--awb-order-medium:0;--awb-spacing-right-medium:1.92%;--awb-spacing-left-medium:1.92%;--awb-width-small:100%;--awb-order-small:0;--awb-spacing-right-small:1.92%;--awb-spacing-left-small:1.92%;\"><div class=\"fusion-column-wrapper fusion-column-has-shadow fusion-flex-justify-content-flex-start fusion-content-layout-column\"><div class=\"fusion-title title fusion-title-6 fusion-sep-none fusion-title-text fusion-title-size-three\"><h3 class=\"fusion-title-heading title-heading-left\" style=\"font-family:&quot;Amiri&quot;;font-style:normal;font-weight:400;margin:0;\"><strong>Petit lexique de la p\u00e2tisserie viennoise:<\/strong><\/h3><\/div><\/div><\/div><div class=\"fusion-layout-column fusion_builder_column fusion-builder-column-7 fusion_builder_column_1_2 1_2 fusion-flex-column\" style=\"--awb-padding-top:2vw;--awb-padding-right:2vw;--awb-padding-bottom:2vw;--awb-padding-left:2vw;--awb-bg-size:cover;--awb-width-large:50%;--awb-margin-top-large:0px;--awb-spacing-right-large:0px;--awb-margin-bottom-large:0px;--awb-spacing-left-large:0px;--awb-width-medium:50%;--awb-order-medium:0;--awb-spacing-right-medium:0px;--awb-spacing-left-medium:0px;--awb-width-small:100%;--awb-order-small:0;--awb-spacing-right-small:1.92%;--awb-spacing-left-small:1.92%;\"><div class=\"fusion-column-wrapper fusion-column-has-shadow fusion-flex-justify-content-flex-start fusion-content-layout-column\"><div class=\"fusion-text fusion-text-6\" style=\"--awb-font-size:30px;--awb-line-height:0;--awb-letter-spacing:0px;--awb-text-font-family:&quot;Amiri&quot;;--awb-text-font-style:normal;--awb-text-font-weight:700;\"><p>Punschkrapferl\/Beignets au punch<\/p>\n<\/div><div class=\"fusion-text fusion-text-7\" style=\"--awb-font-size:20px;--awb-line-height:1.2;--awb-letter-spacing:0px;--awb-margin-top:2vw;--awb-text-font-family:&quot;Amiri&quot;;--awb-text-font-style:italic;--awb-text-font-weight:400;\"><p>un cube de p\u00e2te \u00e0 biscuit et une masse de confiture, de rhum et de chocolat sous un gla\u00e7age au sucre rose. Les Viennois utilisent le diminutif Krapferl par euph\u00e9misme, peut-\u00eatre dans l\u2019espoir qu\u2019il sera moins calorique.<\/p>\n<\/div><\/div><\/div><div class=\"fusion-layout-column fusion_builder_column fusion-builder-column-8 fusion_builder_column_1_2 1_2 fusion-flex-column\" style=\"--awb-padding-top:2vw;--awb-padding-right:2vw;--awb-padding-bottom:2vw;--awb-padding-left:2vw;--awb-bg-size:cover;--awb-width-large:50%;--awb-margin-top-large:0px;--awb-spacing-right-large:0px;--awb-margin-bottom-large:0px;--awb-spacing-left-large:0px;--awb-width-medium:50%;--awb-order-medium:0;--awb-spacing-right-medium:0px;--awb-spacing-left-medium:0px;--awb-width-small:100%;--awb-order-small:0;--awb-spacing-right-small:1.92%;--awb-spacing-left-small:1.92%;\"><div class=\"fusion-column-wrapper fusion-column-has-shadow fusion-flex-justify-content-flex-start fusion-content-layout-column\"><div class=\"fusion-text fusion-text-8\" style=\"--awb-font-size:30px;--awb-line-height:0;--awb-letter-spacing:0px;--awb-text-color:var(--awb-color4);--awb-text-font-family:&quot;Amiri&quot;;--awb-text-font-style:normal;--awb-text-font-weight:700;\"><p>Topfengolatschen<\/p>\n<\/div><div class=\"fusion-text fusion-text-9\" style=\"--awb-font-size:20px;--awb-line-height:1.2;--awb-letter-spacing:0px;--awb-margin-top:2vw;--awb-text-font-family:&quot;Amiri&quot;;--awb-text-font-style:italic;--awb-text-font-weight:400;\"><p>P\u00e2te feuillet\u00e9e parfois p\u00e2te feuillet\u00e9e repli\u00e9e sur un m\u00e9lange de topf\u00e8ne (fromage blanc), de sucre, de vanille et de raisins secs.<\/p>\n<\/div><\/div><\/div><div class=\"fusion-layout-column fusion_builder_column fusion-builder-column-9 fusion_builder_column_1_2 1_2 fusion-flex-column\" style=\"--awb-padding-top:2vw;--awb-padding-right:2vw;--awb-padding-bottom:2vw;--awb-padding-left:2vw;--awb-bg-size:cover;--awb-width-large:50%;--awb-margin-top-large:0px;--awb-spacing-right-large:0px;--awb-margin-bottom-large:0px;--awb-spacing-left-large:0px;--awb-width-medium:50%;--awb-order-medium:0;--awb-spacing-right-medium:0px;--awb-spacing-left-medium:0px;--awb-width-small:100%;--awb-order-small:0;--awb-spacing-right-small:1.92%;--awb-spacing-left-small:1.92%;\"><div class=\"fusion-column-wrapper fusion-column-has-shadow fusion-flex-justify-content-flex-start fusion-content-layout-column\"><div class=\"fusion-text fusion-text-10\" style=\"--awb-font-size:30px;--awb-line-height:0;--awb-letter-spacing:0px;--awb-text-color:var(--awb-color5);--awb-text-font-family:&quot;Amiri&quot;;--awb-text-font-style:normal;--awb-text-font-weight:700;\"><p>Kouglof<\/p>\n<\/div><div class=\"fusion-text fusion-text-11\" style=\"--awb-font-size:20px;--awb-line-height:1.2;--awb-letter-spacing:0px;--awb-margin-top:2vw;--awb-text-font-family:&quot;Amiri&quot;;--awb-text-font-style:italic;--awb-text-font-weight:400;\"><p>G\u00e2teau \u00e0 base de p\u00e2te \u00e0 g\u00e2reau ou de p\u00e2te lev\u00e9) cuit dans un moule \u00e0 rainures arrondies. Souvent aussi sous forme de kouglof marbr\u00e9 compos\u00e9 d&rsquo;une masse claire et d&rsquo;une masse fonc\u00e9e.  <\/p>\n<\/div><\/div><\/div><div class=\"fusion-layout-column fusion_builder_column fusion-builder-column-10 fusion_builder_column_1_2 1_2 fusion-flex-column\" style=\"--awb-padding-top:2vw;--awb-padding-right:2vw;--awb-padding-bottom:2vw;--awb-padding-left:2vw;--awb-bg-size:cover;--awb-width-large:50%;--awb-margin-top-large:0px;--awb-spacing-right-large:0px;--awb-margin-bottom-large:0px;--awb-spacing-left-large:0px;--awb-width-medium:50%;--awb-order-medium:0;--awb-spacing-right-medium:0px;--awb-spacing-left-medium:0px;--awb-width-small:100%;--awb-order-small:0;--awb-spacing-right-small:1.92%;--awb-spacing-left-small:1.92%;\"><div class=\"fusion-column-wrapper fusion-column-has-shadow fusion-flex-justify-content-flex-start fusion-content-layout-column\"><div class=\"fusion-text fusion-text-12\" style=\"--awb-font-size:30px;--awb-line-height:0;--awb-letter-spacing:0px;--awb-text-font-family:&quot;Amiri&quot;;--awb-text-font-style:normal;--awb-text-font-weight:700;\"><p>Strudel<\/p>\n<\/div><div class=\"fusion-text fusion-text-13\" style=\"--awb-font-size:20px;--awb-line-height:1.2;--awb-letter-spacing:0px;--awb-margin-top:2vw;--awb-text-font-family:&quot;Amiri&quot;;--awb-text-font-style:italic;--awb-text-font-weight:400;\"><p>p\u00e2te fine avec diff\u00e9rentes garnitures sucr\u00e9es : Pomme, topf\u00e8ne (fromage blanc), abricots (abricots), griottes (cerises aigres). Il existe \u00e9galement des variantes sal\u00e9es (strudel au chou, aux pommes de terre, aux \u00e9pinards, mais ils sont consomm\u00e9s au d\u00e9jeuner et non au go\u00fbter).<\/p>\n<\/div><\/div><\/div><div class=\"fusion-layout-column fusion_builder_column fusion-builder-column-11 fusion_builder_column_1_2 1_2 fusion-flex-column\" style=\"--awb-padding-top:2vw;--awb-padding-right:2vw;--awb-padding-bottom:2vw;--awb-padding-left:2vw;--awb-bg-size:cover;--awb-width-large:50%;--awb-margin-top-large:0px;--awb-spacing-right-large:0px;--awb-margin-bottom-large:0px;--awb-spacing-left-large:0px;--awb-width-medium:50%;--awb-order-medium:0;--awb-spacing-right-medium:0px;--awb-spacing-left-medium:0px;--awb-width-small:100%;--awb-order-small:0;--awb-spacing-right-small:1.92%;--awb-spacing-left-small:1.92%;\"><div class=\"fusion-column-wrapper fusion-column-has-shadow fusion-flex-justify-content-flex-start fusion-content-layout-column\"><div class=\"fusion-text fusion-text-14\" style=\"--awb-font-size:30px;--awb-line-height:0;--awb-letter-spacing:0px;--awb-text-color:var(--awb-color4);--awb-text-font-family:&quot;Amiri&quot;;--awb-text-font-style:normal;--awb-text-font-weight:700;\"><p>Beugel<\/p>\n<\/div><div class=\"fusion-text fusion-text-15\" style=\"--awb-font-size:20px;--awb-line-height:1.2;--awb-letter-spacing:0px;--awb-margin-top:2vw;--awb-text-font-family:&quot;Amiri&quot;;--awb-text-font-style:italic;--awb-text-font-weight:400;\"><p>Beugel est un autre mot pour Kipferl, c&rsquo;est-\u00e0-dire une p\u00e2tisserie courb\u00e9e) et est apparent\u00e9 au mot anglais Bagel. \u00c0 Vienne, nous appelons les croissants fourr\u00e9s \u00ab Beugel \u00bb : les Mohnbeugel (four\u00e9 de pavot) et les Nussbeugel (fourr\u00e9 de noix)se marient tr\u00e8s bien avec le caf\u00e9.<\/p>\n<\/div><\/div><\/div><div class=\"fusion-layout-column fusion_builder_column fusion-builder-column-12 fusion_builder_column_1_2 1_2 fusion-flex-column\" style=\"--awb-padding-top:2vw;--awb-padding-right:2vw;--awb-padding-bottom:2vw;--awb-padding-left:2vw;--awb-bg-size:cover;--awb-width-large:50%;--awb-margin-top-large:0px;--awb-spacing-right-large:0px;--awb-margin-bottom-large:0px;--awb-spacing-left-large:0px;--awb-width-medium:50%;--awb-order-medium:0;--awb-spacing-right-medium:0px;--awb-spacing-left-medium:0px;--awb-width-small:100%;--awb-order-small:0;--awb-spacing-right-small:1.92%;--awb-spacing-left-small:1.92%;\"><div class=\"fusion-column-wrapper fusion-column-has-shadow fusion-flex-justify-content-flex-start fusion-content-layout-column\"><div class=\"fusion-text fusion-text-16\" style=\"--awb-font-size:30px;--awb-line-height:0;--awb-letter-spacing:0px;--awb-text-color:var(--awb-color5);--awb-text-font-family:&quot;Amiri&quot;;--awb-text-font-style:normal;--awb-text-font-weight:700;\"><p>Sachertorte<\/p>\n<\/div><div class=\"fusion-text fusion-text-17\" style=\"--awb-font-size:20px;--awb-line-height:1.2;--awb-letter-spacing:0px;--awb-margin-top:2vw;--awb-text-font-family:&quot;Amiri&quot;;--awb-text-font-style:italic;--awb-text-font-weight:400;\"><p>un g\u00e2teau au chocolat avec de la confiture d&rsquo;abricots et un gla\u00e7age au chocolat. La longue dispute entre l&rsquo;h\u00f4tel Sacher et la p\u00e2tisserie Demel sur le nombre de couches de confiture qu&rsquo;aurait une \u00ab\u00a0vraie\u00a0\u00bb Sachertorte est l\u00e9gendaire et a \u00e9t\u00e9 r\u00e9gl\u00e9e entre-temps. Depuis quelques ann\u00e9es, les tartes des deux maisons ont deux couches de confiture. Le mieux est que tu essaies les deux et que tu d\u00e9cides laquelle est ta pr\u00e9f\u00e9r\u00e9e.<\/p>\n<\/div><\/div><\/div><div class=\"fusion-layout-column fusion_builder_column fusion-builder-column-13 fusion_builder_column_1_2 1_2 fusion-flex-column\" style=\"--awb-padding-top:2vw;--awb-padding-right:2vw;--awb-padding-bottom:2vw;--awb-padding-left:2vw;--awb-bg-size:cover;--awb-width-large:50%;--awb-margin-top-large:0px;--awb-spacing-right-large:0px;--awb-margin-bottom-large:0px;--awb-spacing-left-large:0px;--awb-width-medium:50%;--awb-order-medium:0;--awb-spacing-right-medium:0px;--awb-spacing-left-medium:0px;--awb-width-small:100%;--awb-order-small:0;--awb-spacing-right-small:1.92%;--awb-spacing-left-small:1.92%;\"><div class=\"fusion-column-wrapper fusion-column-has-shadow fusion-flex-justify-content-flex-start fusion-content-layout-column\"><div class=\"fusion-text fusion-text-18\" style=\"--awb-font-size:30px;--awb-line-height:1.2;--awb-letter-spacing:0px;--awb-text-color:var(--awb-color5);--awb-text-font-family:&quot;Amiri&quot;;--awb-text-font-style:normal;--awb-text-font-weight:700;\"><p>Buchteln (ou, comme on dit dans ma famille, Wuchteln)<\/p>\n<\/div><div class=\"fusion-text fusion-text-19\" style=\"--awb-font-size:20px;--awb-line-height:1.2;--awb-letter-spacing:0px;--awb-margin-top:2vw;--awb-text-font-family:&quot;Amiri&quot;;--awb-text-font-style:italic;--awb-text-font-weight:400;\"><p>un dessert \u00e0 base de p\u00e2te \u00e0 tarte (p\u00e2te lev\u00e9e), fourr\u00e9 de powidl (pur\u00e9e de pruneaux), parfois de confiture d&rsquo;abricots, cuit dans une po\u00eale au four. Comme beaucoup de p\u00e2tisseries autrichiennes, les Buchteln sont originaires de Boh\u00e8me.<\/p>\n<\/div><\/div><\/div><\/div><\/div><div class=\"fusion-fullwidth fullwidth-box fusion-builder-row-8 fusion-flex-container has-pattern-background has-mask-background nonhundred-percent-fullwidth non-hundred-percent-height-scrolling\" style=\"--awb-border-radius-top-left:0px;--awb-border-radius-top-right:0px;--awb-border-radius-bottom-right:0px;--awb-border-radius-bottom-left:0px;--awb-padding-top:3vw;--awb-padding-right:3vw;--awb-padding-bottom:3vw;--awb-padding-left:3vw;--awb-padding-top-small:2vw;--awb-padding-right-small:3vw;--awb-padding-bottom-small:2vw;--awb-padding-left-small:3vw;--awb-margin-top:40px;--awb-background-color:rgba(129,149,163,0.3);--awb-flex-wrap:wrap;\" ><div class=\"fusion-builder-row fusion-row fusion-flex-align-items-flex-start fusion-flex-content-wrap\" style=\"max-width:1248px;margin-left: calc(-4% \/ 2 );margin-right: calc(-4% \/ 2 );\"><div class=\"fusion-layout-column fusion_builder_column fusion-builder-column-14 fusion_builder_column_1_1 1_1 fusion-flex-column\" style=\"--awb-bg-size:cover;--awb-width-large:100%;--awb-margin-top-large:0px;--awb-spacing-right-large:1.92%;--awb-margin-bottom-large:20px;--awb-spacing-left-large:1.92%;--awb-width-medium:100%;--awb-order-medium:0;--awb-spacing-right-medium:1.92%;--awb-spacing-left-medium:1.92%;--awb-width-small:100%;--awb-order-small:0;--awb-spacing-right-small:1.92%;--awb-spacing-left-small:1.92%;\"><div class=\"fusion-column-wrapper fusion-column-has-shadow fusion-flex-justify-content-flex-start fusion-content-layout-column\"><div class=\"fusion-title title fusion-title-7 fusion-sep-none fusion-title-text fusion-title-size-three\"><h3 class=\"fusion-title-heading title-heading-left\" style=\"font-family:&quot;Amiri&quot;;font-style:normal;font-weight:400;margin:0;\"><strong>Schanigarten &#8211; Les terrasses des caf\u00e9s<\/strong><\/h3><\/div><div class=\"fusion-text fusion-text-20\"><p>Selon la l\u00e9gende, au d\u00e9but de la saison chaude, un cafetier viennois aurait demand\u00e9 \u00e0 son apprenti Johann (qu\u2019on appelle \u00e0 Vienne Schani d\u00e9riv\u00e9 du fran\u00e7ais \u00ab Jean \u00bb) de porter tables et fauteuils \u00e0 l\u2019ext\u00e9rieur en disant : \u00ab Schani, porte le jardin dehors ! \u00bb Le terme Schanigarten, qui d\u00e9signe les multiples espaces ext\u00e9rieurs des caf\u00e9s et des auberges, des bars et des restaurants, s\u2019est depuis lors maintenu \u00e0 Vienne. Nous les aimons tous et \u00e0 peine les premiers rayons de soleil printaniers apparaissent-ils que les jardins des caf\u00e9s sont pleins. Le fait que le tabagisme se soit d\u00e9plac\u00e9 vers l&rsquo;ext\u00e9rieur, conform\u00e9ment \u00e0 la l\u00e9gislation actuelle, a rendu les installations ext\u00e9rieures populaires, m\u00eame en hiver.<\/p>\n<p>Les appareils de chauffage install\u00e9s pour le confort des clients &#8211; nous les appelons \u00e0 Vienne des \u00ab\u00a0Heizschwammerl\u00a0\u00bb, c&rsquo;est-\u00e0-dire des champignons &#8211; ne sont pas tr\u00e8s respectueux du climat, c&rsquo;est pourquoi certains propri\u00e9taires de caf\u00e9 pr\u00e9parent de plus en plus de coussins, de couvertures et m\u00eame de sur-manteaux moelleux. Regarde de quoi tu peux te r\u00e9chauffer dans le Schanigarten lors de ta visite \u00e0 Vienne.<\/p>\n<\/div><\/div><\/div><\/div><\/div><div class=\"fusion-fullwidth fullwidth-box fusion-builder-row-9 fusion-flex-container has-pattern-background has-mask-background nonhundred-percent-fullwidth non-hundred-percent-height-scrolling\" style=\"--awb-border-radius-top-left:0px;--awb-border-radius-top-right:0px;--awb-border-radius-bottom-right:0px;--awb-border-radius-bottom-left:0px;--awb-padding-top:3vw;--awb-padding-right:3vw;--awb-padding-bottom:3vw;--awb-padding-left:3vw;--awb-padding-top-small:2vw;--awb-padding-right-small:3vw;--awb-padding-bottom-small:2vw;--awb-padding-left-small:3vw;--awb-margin-top:40px;--awb-background-color:var(--awb-color3);--awb-flex-wrap:wrap;\" ><div class=\"fusion-builder-row fusion-row fusion-flex-align-items-flex-start fusion-flex-content-wrap\" style=\"max-width:1248px;margin-left: calc(-4% \/ 2 );margin-right: calc(-4% \/ 2 );\"><div class=\"fusion-layout-column fusion_builder_column fusion-builder-column-15 fusion_builder_column_1_1 1_1 fusion-flex-column\" style=\"--awb-bg-size:cover;--awb-width-large:100%;--awb-margin-top-large:0px;--awb-spacing-right-large:1.92%;--awb-margin-bottom-large:20px;--awb-spacing-left-large:1.92%;--awb-width-medium:100%;--awb-order-medium:0;--awb-spacing-right-medium:1.92%;--awb-spacing-left-medium:1.92%;--awb-width-small:100%;--awb-order-small:0;--awb-spacing-right-small:1.92%;--awb-spacing-left-small:1.92%;\"><div class=\"fusion-column-wrapper fusion-column-has-shadow fusion-flex-justify-content-flex-start fusion-content-layout-column\"><div class=\"fusion-title title fusion-title-8 fusion-sep-none fusion-title-text fusion-title-size-three\"><h3 class=\"fusion-title-heading title-heading-left\" style=\"font-family:&quot;Amiri&quot;;font-style:normal;font-weight:400;margin:0;\"><strong>Gar\u00e7on! L\u2019addition, s\u2019il vous pla\u00eet!<\/strong><\/h3><\/div><div class=\"fusion-text fusion-text-21\"><p>C\u2019\u00e9tait autrefois le cri final de chaque visite de caf\u00e9 et il \u00e9tait tout \u00e0 fait correct, car il n\u2019y avait que des serveurs masculins et eux seuls pouvaient encaisser. Bien s\u00fbr, le caf\u00e9 viennois est devenu entre-temps un lieu de travail pour les femmes et les hommes. Au d\u00e9but, il \u00e9tait courant d&rsquo;appeler \u00ab\u00a0Mademoiselle !\u00a0\u00bb pour passer une commande. \u00c0 l&rsquo;\u00e9poque, on pensait que les femmes c\u00e9libataires devaient gagner de l&rsquo;argent et on les appelait \u00ab\u00a0demoiselles\u00a0\u00bb.<\/p>\n<p>Cela a pris fin au plus tard il y a 40 ans et depuis, nous nous effor\u00e7ons de savoir comment nous adresser \u00e0 la serveuse du caf\u00e9. Les variantes hors de propos comme \u00ab Patronne \u00bb sont bien entendu \u00e0 exclure, tout comme les variantes ironiques (\u00ab Madame la directrixe\u00bb) et impolies (\u00ab All\u00f4! \u00bb). Dans certains caf\u00e9s branch\u00e9s, qui accueillent surtout des jeunes, l\u2019appellation par le pr\u00e9nom s\u2019est impos\u00e9e \u2013 si l\u2019on sait que \u00ab Lilly \u00bb et \u00ab Beate \u00bb sont justement de service aujourd\u2019hui. Mais comment les Viennois s\u2019y prennent-ils dans les caf\u00e9s traditionnels ? Jusqu\u2019\u00e0 aujourd\u2019hui, il n\u2019y a en effet pas eu de formule d\u2019appel appropri\u00e9e, de sorte que la plupart des clients se d\u00e9brouillent soit sans formule d\u2019appel : \u00ab Zahlen bitte ! \u00bb (\u00ab L\u2019addition, s\u2019il vous pla\u00eet ! \u00bb) accompagn\u00e9 de gestes plus ou moins parlants.<\/p>\n<p>Cela a pris fin au plus tard il y a 40 ans et depuis, nous nous effor\u00e7ons de savoir comment nous adresser \u00e0 la serveuse du caf\u00e9. Les variantes plaisantes comme \u00ab\u00a0Madame la patronne\u00a0\u00bb sont bien entendu \u00e0 exclure, tout comme les variantes ironiques (\u00ab\u00a0Madame\u00a0\u00bb) et impolies (\u00ab\u00a0Bonjour !\u00a0\u00bb). Dans certains caf\u00e9s branch\u00e9s, qui accueillent surtout des jeunes, l&rsquo;appellation par le pr\u00e9nom s&rsquo;est impos\u00e9e &#8211; si l&rsquo;on sait que \u00ab\u00a0Lilly\u00a0\u00bb et \u00ab\u00a0Beate\u00a0\u00bb sont justement de service aujourd&rsquo;hui.Mais comment les Viennois* s&rsquo;y prennent-ils dans les caf\u00e9s traditionnels ? Jusqu&rsquo;\u00e0 aujourd&rsquo;hui, il n&rsquo;y a en effet pas eu de formule d&rsquo;appel appropri\u00e9e, de sorte que la plupart des clients se d\u00e9brouillent soit sans formule d&rsquo;appel : \u00ab\u00a0Zahlen bitte !\u00a0\u00bb (\u00ab\u00a0Payez s&rsquo;il vous pla\u00eet !\u00a0\u00bb) accompagn\u00e9 de gestes plus ou moins parlants. Il faut encore trouver quelque chose de plus appropri\u00e9\u2026.<\/p>\n<\/div><\/div><\/div><\/div><\/div><div class=\"fusion-fullwidth fullwidth-box fusion-builder-row-10 fusion-flex-container has-pattern-background has-mask-background nonhundred-percent-fullwidth non-hundred-percent-height-scrolling\" style=\"--awb-border-radius-top-left:0px;--awb-border-radius-top-right:0px;--awb-border-radius-bottom-right:0px;--awb-border-radius-bottom-left:0px;--awb-padding-top:3vw;--awb-padding-right:3vw;--awb-padding-bottom:3vw;--awb-padding-left:3vw;--awb-padding-top-small:2vw;--awb-padding-right-small:3vw;--awb-padding-bottom-small:2vw;--awb-padding-left-small:3vw;--awb-margin-top:40px;--awb-background-color:rgba(184,122,127,0.3);--awb-flex-wrap:wrap;\" ><div class=\"fusion-builder-row fusion-row fusion-flex-align-items-flex-start fusion-flex-content-wrap\" style=\"max-width:1248px;margin-left: calc(-4% \/ 2 );margin-right: calc(-4% \/ 2 );\"><div class=\"fusion-layout-column fusion_builder_column fusion-builder-column-16 fusion_builder_column_1_1 1_1 fusion-flex-column\" style=\"--awb-bg-size:cover;--awb-width-large:100%;--awb-margin-top-large:0px;--awb-spacing-right-large:1.92%;--awb-margin-bottom-large:20px;--awb-spacing-left-large:1.92%;--awb-width-medium:100%;--awb-order-medium:0;--awb-spacing-right-medium:1.92%;--awb-spacing-left-medium:1.92%;--awb-width-small:100%;--awb-order-small:0;--awb-spacing-right-small:1.92%;--awb-spacing-left-small:1.92%;\"><div class=\"fusion-column-wrapper fusion-column-has-shadow fusion-flex-justify-content-flex-start fusion-content-layout-column\"><div class=\"fusion-title title fusion-title-9 fusion-sep-none fusion-title-text fusion-title-size-three\"><h3 class=\"fusion-title-heading title-heading-left\" style=\"font-family:&quot;Amiri&quot;;font-style:normal;font-weight:400;margin:0;\"><strong>Pourboire<\/strong><\/h3><\/div><div class=\"fusion-text fusion-text-22\"><p>Les clients d&rsquo;autres pays se demandent souvent ce qu&rsquo;il en est du pourboire en Autriche. La r\u00e9ponse est assez simple : le service est inclus et il est d&rsquo;usage de laisser un pourboire suppl\u00e9mentaire. Dans les caf\u00e9s, auberges et restaurants, \u00e0 hauteur d&rsquo;environ 10% du montant de la facture. \u00c0 9,80 euros, le fait d&rsquo;arrondir \u00e0 10 euros sera certes remerci\u00e9 par le serveur et la serveuse, mais passera pour de la mesquinerie. Ici, 11 ou 12 euros sont une bonne mesure. Pour une note d&rsquo;environ 100 euros, un pourboire de 10 euros est raisonnable.<\/p>\n<p>Toujours en supposant que le service \u00e9tait correct et que tu te sentais \u00e0 l&rsquo;aise et accueilli en tant que client. Un service inattentif, un personnel de mauvaise humeur et un manque d&rsquo;attention ne m\u00e9ritent pas de pourboire, mais un service particuli\u00e8rement aimable devrait tout \u00e0 fait \u00eatre consid\u00e9r\u00e9 comme g\u00e9n\u00e9reux. En fin de compte, un personnel professionnel et attentif et des clients bienveillants et g\u00e9n\u00e9reux forment ce syst\u00e8me du caf\u00e9 viennois o\u00f9 tout le monde se sent \u00e0 l\u2019aise et qui fait de ce lieu particulier ce pour quoi il est devenu l\u00e9gendaire : un prolongement du salon priv\u00e9.<\/p>\n<\/div><\/div><\/div><\/div><\/div><div class=\"fusion-fullwidth fullwidth-box fusion-builder-row-11 fusion-flex-container has-pattern-background has-mask-background nonhundred-percent-fullwidth non-hundred-percent-height-scrolling\" style=\"--awb-border-radius-top-left:0px;--awb-border-radius-top-right:0px;--awb-border-radius-bottom-right:0px;--awb-border-radius-bottom-left:0px;--awb-padding-top-small:2vw;--awb-padding-right-small:2vw;--awb-padding-bottom-small:2vw;--awb-padding-left-small:2vw;--awb-flex-wrap:wrap;\" ><div class=\"fusion-builder-row fusion-row fusion-flex-align-items-flex-start fusion-flex-content-wrap\" style=\"max-width:1248px;margin-left: calc(-4% \/ 2 );margin-right: calc(-4% \/ 2 );\"><div class=\"fusion-layout-column fusion_builder_column fusion-builder-column-17 fusion_builder_column_1_1 1_1 fusion-flex-column\" style=\"--awb-bg-size:cover;--awb-width-large:100%;--awb-margin-top-large:0px;--awb-spacing-right-large:1.92%;--awb-margin-bottom-large:20px;--awb-spacing-left-large:1.92%;--awb-width-medium:100%;--awb-order-medium:0;--awb-spacing-right-medium:1.92%;--awb-spacing-left-medium:1.92%;--awb-width-small:100%;--awb-order-small:0;--awb-spacing-right-small:1.92%;--awb-spacing-left-small:1.92%;\"><div class=\"fusion-column-wrapper fusion-column-has-shadow fusion-flex-justify-content-flex-start fusion-content-layout-column\"><div class=\"fusion-image-element \" style=\"text-align:center;--awb-margin-top:6vw;--awb-max-width:100px;--awb-caption-title-font-family:var(--h2_typography-font-family);--awb-caption-title-font-weight:var(--h2_typography-font-weight);--awb-caption-title-font-style:var(--h2_typography-font-style);--awb-caption-title-size:var(--h2_typography-font-size);--awb-caption-title-transform:var(--h2_typography-text-transform);--awb-caption-title-line-height:var(--h2_typography-line-height);--awb-caption-title-letter-spacing:var(--h2_typography-letter-spacing);\"><span class=\" fusion-imageframe imageframe-none imageframe-1 hover-type-none\" style=\"border-radius:50%;\"><img decoding=\"async\" width=\"500\" height=\"500\" title=\"Karin-wien_ist_meine_grosse_liebe\" src=\"https:\/\/wienmitwienerin.com\/wp-content\/uploads\/2023\/03\/Karin-wien_ist_meine_grosse_liebe.jpg\" alt class=\"img-responsive wp-image-825\" srcset=\"https:\/\/wienmitwienerin.com\/wp-content\/uploads\/2023\/03\/Karin-wien_ist_meine_grosse_liebe-200x200.jpg 200w, https:\/\/wienmitwienerin.com\/wp-content\/uploads\/2023\/03\/Karin-wien_ist_meine_grosse_liebe-400x400.jpg 400w, https:\/\/wienmitwienerin.com\/wp-content\/uploads\/2023\/03\/Karin-wien_ist_meine_grosse_liebe.jpg 500w\" sizes=\"(max-width: 640px) 100vw, 500px\" \/><\/span><\/div><div class=\"fusion-title title fusion-title-10 fusion-sep-none fusion-title-center fusion-title-text fusion-title-size-four\" style=\"--awb-margin-top:3vw;--awb-margin-top-small:6vw;\"><h4 class=\"fusion-title-heading title-heading-center\" style=\"margin:0;\">Dr. in. Karin Eichhorn-Thanhoffer<\/h4><\/div><div class=\"fusion-sharing-box fusion-sharing-box-1 has-taglines layout-floated layout-medium-floated layout-small-stacked\" style=\"background-color:var(--awb-color5);border-color:#cccccc;--awb-margin-top:2vw;--awb-separator-border-color:#cccccc;--awb-separator-border-sizes:0px;--awb-layout:row;--awb-alignment-small:space-between;--awb-stacked-align-small:center;\" data-title=\"Ce qu&rsquo;il faut savoir sur le caf\u00e9 viennois\" data-description=\"Un caf\u00e9, s&#039;il vous pla\u00eet !  C\u2019est la commande \u00e0 laquelle un serveur et une serveuse d\u2019un caf\u00e9 viennois vont certainement 1. lever au moins un sourcil et 2. demander ce que c&#039;est que ce caf\u00e9, s&#039;il vous pla\u00eet.... Car \u00e0 Vienne, nous ne commandons pas simplement un caf\u00e9, mais la mani\u00e8re\" data-link=\"https:\/\/wienmitwienerin.com\/fr\/ce-quil-faut-savoir-sur-le-cafe-viennois\/\"><h4 class=\"tagline\" style=\"color:var(--awb-color3);\">Partage cet article de blog avec d&apos;autres personnes<\/h4><div class=\"fusion-social-networks sharingbox-shortcode-icon-wrapper sharingbox-shortcode-icon-wrapper-1\"><span><a href=\"https:\/\/www.facebook.com\/sharer.php?u=https%3A%2F%2Fwienmitwienerin.com%2Ffr%2Fce-quil-faut-savoir-sur-le-cafe-viennois%2F&amp;t=Ce%20qu%26rsquo%3Bil%20faut%20savoir%20sur%20le%20caf%C3%A9%20viennois\" target=\"_blank\" rel=\"noreferrer\" title=\"Facebook\" aria-label=\"Facebook\" data-placement=\"top\" data-toggle=\"tooltip\" data-title=\"Facebook\"><i class=\"fusion-social-network-icon fusion-tooltip fusion-facebook awb-icon-facebook\" style=\"color:var(--awb-color3);\" aria-hidden=\"true\"><\/i><\/a><\/span><span><a href=\"https:\/\/x.com\/intent\/post?text=Ce%20qu%E2%80%99il%20faut%20savoir%20sur%20le%20caf%C3%A9%20viennois&amp;url=https%3A%2F%2Fwienmitwienerin.com%2Ffr%2Fce-quil-faut-savoir-sur-le-cafe-viennois%2F\" target=\"_blank\" rel=\"noopener noreferrer\" title=\"X\" aria-label=\"X\" data-placement=\"top\" data-toggle=\"tooltip\" data-title=\"X\"><i class=\"fusion-social-network-icon fusion-tooltip fusion-twitter awb-icon-twitter\" style=\"color:var(--awb-color3);\" aria-hidden=\"true\"><\/i><\/a><\/span><span><a href=\"https:\/\/www.linkedin.com\/shareArticle?mini=true&amp;url=https%3A%2F%2Fwienmitwienerin.com%2Ffr%2Fce-quil-faut-savoir-sur-le-cafe-viennois%2F&amp;title=Ce%20qu%26rsquo%3Bil%20faut%20savoir%20sur%20le%20caf%C3%A9%20viennois&amp;summary=Un%20caf%C3%A9%2C%20s%26%2339%3Bil%20vous%20pla%C3%AEt%20%21%20%20%20%20C%E2%80%99est%20la%20commande%20%C3%A0%20laquelle%20un%20serveur%20et%20une%20serveuse%20d%E2%80%99un%20caf%C3%A9%20viennois%20vont%20certainement%201.%20lever%20au%20moins%20un%20sourcil%20et%202.%20demander%20ce%20que%20c%26%2339%3Best%20que%20ce%20caf%C3%A9%2C%20s%26%2339%3Bil%20vous%20pla%C3%AEt....%20Car%20%C3%A0%20Vienne%2C%20nous%20ne%20commandons%20pas%20simplement%20un%20caf%C3%A9%2C%20mais%20la%20mani%C3%A8re\" target=\"_blank\" rel=\"noopener noreferrer\" title=\"LinkedIn\" aria-label=\"LinkedIn\" data-placement=\"top\" data-toggle=\"tooltip\" data-title=\"LinkedIn\"><i class=\"fusion-social-network-icon fusion-tooltip fusion-linkedin awb-icon-linkedin\" style=\"color:var(--awb-color3);\" aria-hidden=\"true\"><\/i><\/a><\/span><span><a href=\"https:\/\/pinterest.com\/pin\/create\/button\/?url=https%3A%2F%2Fwienmitwienerin.com%2Ffr%2Fce-quil-faut-savoir-sur-le-cafe-viennois%2F&amp;description=Un%20caf%C3%A9%2C%20s%26%2339%3Bil%20vous%20pla%C3%AEt%20%21%20%20%20%20C%E2%80%99est%20la%20commande%20%C3%A0%20laquelle%20un%20serveur%20et%20une%20serveuse%20d%E2%80%99un%20caf%C3%A9%20viennois%20vont%20certainement%201.%20lever%20au%20moins%20un%20sourcil%20et%202.%20demander%20ce%20que%20c%26%2339%3Best%20que%20ce%20caf%C3%A9%2C%20s%26%2339%3Bil%20vous%20pla%C3%AEt....%20Car%20%C3%A0%20Vienne%2C%20nous%20ne%20commandons%20pas%20simplement%20un%20caf%C3%A9%2C%20mais%20la%20mani%C3%A8re&amp;media=\" target=\"_blank\" rel=\"noopener noreferrer\" title=\"Pinterest\" aria-label=\"Pinterest\" data-placement=\"top\" data-toggle=\"tooltip\" data-title=\"Pinterest\"><i class=\"fusion-social-network-icon fusion-tooltip fusion-pinterest awb-icon-pinterest\" style=\"color:var(--awb-color3);\" aria-hidden=\"true\"><\/i><\/a><\/span><span><a href=\"https:\/\/www.xing.com\/social_plugins\/share\/new?sc_p=xing-share&amp;h=1&amp;url=https%3A%2F%2Fwienmitwienerin.com%2Ffr%2Fce-quil-faut-savoir-sur-le-cafe-viennois%2F\" target=\"_blank\" rel=\"noopener noreferrer\" title=\"Xing\" aria-label=\"Xing\" data-placement=\"top\" data-toggle=\"tooltip\" data-title=\"Xing\"><i class=\"fusion-social-network-icon fusion-tooltip fusion-xing awb-icon-xing\" style=\"color:var(--awb-color3);\" aria-hidden=\"true\"><\/i><\/a><\/span><span><a href=\"mailto:?subject=Ce%20qu%26rsquo%3Bil%20faut%20savoir%20sur%20le%20caf%C3%A9%20viennois&amp;body=https%3A%2F%2Fwienmitwienerin.com%2Ffr%2Fce-quil-faut-savoir-sur-le-cafe-viennois%2F\" target=\"_self\" title=\"Email\" aria-label=\"Email\" data-placement=\"top\" data-toggle=\"tooltip\" data-title=\"Email\"><i class=\"fusion-social-network-icon fusion-tooltip fusion-mail awb-icon-mail\" style=\"color:var(--awb-color3);\" aria-hidden=\"true\"><\/i><\/a><\/span><\/div><\/div><\/div><\/div><\/div><\/div><\/p>\n","protected":false},"excerpt":{"rendered":"","protected":false},"author":1,"featured_media":875,"comment_status":"closed","ping_status":"closed","sticky":false,"template":"","format":"standard","meta":{"footnotes":""},"categories":[42],"tags":[],"class_list":["post-980","post","type-post","status-publish","format-standard","has-post-thumbnail","hentry","category-tradition-viennoise"],"_links":{"self":[{"href":"https:\/\/wienmitwienerin.com\/fr\/wp-json\/wp\/v2\/posts\/980","targetHints":{"allow":["GET"]}}],"collection":[{"href":"https:\/\/wienmitwienerin.com\/fr\/wp-json\/wp\/v2\/posts"}],"about":[{"href":"https:\/\/wienmitwienerin.com\/fr\/wp-json\/wp\/v2\/types\/post"}],"author":[{"embeddable":true,"href":"https:\/\/wienmitwienerin.com\/fr\/wp-json\/wp\/v2\/users\/1"}],"replies":[{"embeddable":true,"href":"https:\/\/wienmitwienerin.com\/fr\/wp-json\/wp\/v2\/comments?post=980"}],"version-history":[{"count":8,"href":"https:\/\/wienmitwienerin.com\/fr\/wp-json\/wp\/v2\/posts\/980\/revisions"}],"predecessor-version":[{"id":1537,"href":"https:\/\/wienmitwienerin.com\/fr\/wp-json\/wp\/v2\/posts\/980\/revisions\/1537"}],"wp:featuredmedia":[{"embeddable":true,"href":"https:\/\/wienmitwienerin.com\/fr\/wp-json\/wp\/v2\/media\/875"}],"wp:attachment":[{"href":"https:\/\/wienmitwienerin.com\/fr\/wp-json\/wp\/v2\/media?parent=980"}],"wp:term":[{"taxonomy":"category","embeddable":true,"href":"https:\/\/wienmitwienerin.com\/fr\/wp-json\/wp\/v2\/categories?post=980"},{"taxonomy":"post_tag","embeddable":true,"href":"https:\/\/wienmitwienerin.com\/fr\/wp-json\/wp\/v2\/tags?post=980"}],"curies":[{"name":"wp","href":"https:\/\/api.w.org\/{rel}","templated":true}]}}